{"id":12993,"date":"2025-12-11T09:03:14","date_gmt":"2025-12-11T08:03:14","guid":{"rendered":"https:\/\/latardor.com\/?p=12993"},"modified":"2026-03-11T09:27:46","modified_gmt":"2026-03-11T08:27:46","slug":"ayudas-economicas-las-pevr","status":"publish","type":"post","link":"https:\/\/latardor.com\/es\/2025\/12\/11\/ayudas-economicas-las-pevr\/","title":{"rendered":"Ayudas econ\u00f3micas\u2026 \u00a1las PEVR!"},"content":{"rendered":"<p>La prestaci\u00f3n vinculada a residencia (PEVR) es una ayuda econ\u00f3mica para personas con grado II o III de dependencia que viven en residencia con plaza privada. Sirve para contribuir al pago de la plaza y puede ir aproximadamente de los 200\u20ac hasta 1.238\u20ac mensuales, seg\u00fan los ingresos de la persona.<\/p>\n<p><iframe width=\"560\" height=\"315\" src=\"https:\/\/www.youtube.com\/embed\/v2hR9AJWXtM?si=ITl0Iug8jVo2Z8xh\" title=\"YouTube video player\" frameborder=\"0\" allow=\"accelerometer; autoplay; clipboard-write; encrypted-media; gyroscope; picture-in-picture; web-share\" referrerpolicy=\"strict-origin-when-cross-origin\" allowfullscreen><\/iframe><\/p>\n<p>Cuando una persona vive en una residencia de ancianos con plaza privada y tiene reconocido un grado II o grado III de dependencia, puede solicitar la prestaci\u00f3n vinculada a residencia, conocida como PEVR.<\/p>\n<p>\u00c9sta es una ayuda econ\u00f3mica destinada a contribuir al pago de la plaza residencial.<\/p>\n<p>El importe de la ayuda puede ir aproximadamente desde los 200\u20ac hasta un m\u00e1ximo de 1.238\u20ac mensuales, y se determina en funci\u00f3n de la capacidad econ\u00f3mica de la persona. Para su c\u00e1lculo se tienen en cuenta sus ingresos anuales, pero no se valoran los ahorros ni el patrimonio.<\/p>\n<p>La tramitaci\u00f3n de esta prestaci\u00f3n se realiza habitualmente a trav\u00e9s de la trabajadora social de la residencia.<\/p>\n<p>Una vez concedida, la ayuda se ingresa directamente en la cuenta bancaria del residente, para que pueda hacer frente al pago de la residencia.<\/p>\n","protected":false},"excerpt":{"rendered":"<p>La prestaci\u00f3n vinculada a residencia (PEVR) es una ayuda econ\u00f3mica para personas con grado II o III de dependencia que viven en residencia con plaza privada. Sirve para contribuir al pago de la plaza y puede ir aproximadamente de los 200\u20ac hasta 1.238\u20ac mensuales, seg\u00fan los ingresos de la persona. Cuando una persona vive en una residencia de ancianos con plaza privada y tiene reconocido un grado II o grado III de dependencia, puede solicitar la prestaci\u00f3n vinculada a residencia, conocida como PEVR. \u00c9sta es una ayuda econ\u00f3mica destinada a contribuir al pago de la plaza residencial. El importe de la ayuda puede ir aproximadamente desde los 200\u20ac hasta un m\u00e1ximo de 1.238\u20ac mensuales, y se determina en funci\u00f3n de la capacidad econ\u00f3mica de la persona. Para su c\u00e1lculo se tienen en cuenta sus ingresos anuales, pero no se valoran los ahorros ni el patrimonio. La tramitaci\u00f3n de esta prestaci\u00f3n se realiza habitualmente a trav\u00e9s de la trabajadora social de la residencia. Una vez concedida, la ayuda se ingresa directamente en la cuenta bancaria del residente, para que pueda hacer frente al pago de la residencia.<\/p>\n","protected":false},"author":2,"featured_media":12984,"comment_status":"open","ping_status":"open","sticky":false,"template":"","format":"standard","meta":{"footnotes":""},"categories":[1],"tags":[],"class_list":["post-12993","post","type-post","status-publish","format-standard","has-post-thumbnail","hentry","category-noticias"],"yoast_head":"<!-- This site is optimized with the Yoast SEO plugin v23.9 - https:\/\/yoast.com\/wordpress\/plugins\/seo\/ -->\n<title>Ayudas econ\u00f3micas\u2026 \u00a1las PEVR! - Residencia La Tardor<\/title>\n<meta name=\"robots\" content=\"index, follow, max-snippet:-1, max-image-preview:large, max-video-preview:-1\" \/>\n<link rel=\"canonical\" href=\"https:\/\/latardor.com\/es\/2025\/12\/11\/ayudas-economicas-las-pevr\/\" \/>\n<meta property=\"og:locale\" content=\"es_ES\" \/>\n<meta property=\"og:type\" content=\"article\" \/>\n<meta property=\"og:title\" content=\"Ayudas econ\u00f3micas\u2026 \u00a1las PEVR! - Residencia La Tardor\" \/>\n<meta property=\"og:description\" content=\"La prestaci\u00f3n vinculada a residencia (PEVR) es una ayuda econ\u00f3mica para personas con grado II o III de dependencia que viven en residencia con plaza privada. Sirve para contribuir al pago de la plaza y puede ir aproximadamente de los 200\u20ac hasta 1.238\u20ac mensuales, seg\u00fan los ingresos de la persona. Cuando una persona vive en una residencia de ancianos con plaza privada y tiene reconocido un grado II o grado III de dependencia, puede solicitar la prestaci\u00f3n vinculada a residencia, conocida como PEVR. \u00c9sta es una ayuda econ\u00f3mica destinada a contribuir al pago de la plaza residencial. El importe de la ayuda puede ir aproximadamente desde los 200\u20ac hasta un m\u00e1ximo de 1.238\u20ac mensuales, y se determina en funci\u00f3n de la capacidad econ\u00f3mica de la persona. Para su c\u00e1lculo se tienen en cuenta sus ingresos anuales, pero no se valoran los ahorros ni el patrimonio. La tramitaci\u00f3n de esta prestaci\u00f3n se realiza habitualmente a trav\u00e9s de la trabajadora social de la residencia. Una vez concedida, la ayuda se ingresa directamente en la cuenta bancaria del residente, para que pueda hacer frente al pago de la residencia.\" \/>\n<meta property=\"og:url\" content=\"https:\/\/latardor.com\/es\/2025\/12\/11\/ayudas-economicas-las-pevr\/\" \/>\n<meta property=\"og:site_name\" content=\"Residencia La Tardor\" \/>\n<meta property=\"article:publisher\" content=\"https:\/\/www.facebook.com\/residencialatardorOlot\" \/>\n<meta property=\"article:published_time\" content=\"2025-12-11T08:03:14+00:00\" \/>\n<meta property=\"article:modified_time\" content=\"2026-03-11T08:27:46+00:00\" \/>\n<meta property=\"og:image\" content=\"https:\/\/latardor.com\/wp-content\/uploads\/2026\/03\/PEVR.png\" \/>\n\t<meta property=\"og:image:width\" content=\"1207\" \/>\n\t<meta property=\"og:image:height\" content=\"670\" \/>\n\t<meta property=\"og:image:type\" content=\"image\/png\" \/>\n<meta name=\"author\" content=\"Holatardor\" \/>\n<meta name=\"twitter:card\" content=\"summary_large_image\" \/>\n<meta name=\"twitter:creator\" content=\"@latardorOlot\" \/>\n<meta name=\"twitter:site\" content=\"@latardorOlot\" \/>\n<meta name=\"twitter:label1\" content=\"Escrito por\" \/>\n\t<meta name=\"twitter:data1\" content=\"Holatardor\" \/>\n\t<meta name=\"twitter:label2\" content=\"Tiempo de lectura\" \/>\n\t<meta name=\"twitter:data2\" content=\"2 minutos\" \/>\n<script type=\"application\/ld+json\" class=\"yoast-schema-graph\">{\"@context\":\"https:\/\/schema.org\",\"@graph\":[{\"@type\":\"Article\",\"@id\":\"https:\/\/latardor.com\/es\/2025\/12\/11\/ayudas-economicas-las-pevr\/#article\",\"isPartOf\":{\"@id\":\"https:\/\/latardor.com\/es\/2025\/12\/11\/ayudas-economicas-las-pevr\/\"},\"author\":{\"name\":\"Holatardor\",\"@id\":\"https:\/\/latardor.com\/#\/schema\/person\/44b8398913b441437dc5f39985d22530\"},\"headline\":\"Ayudas econ\u00f3micas\u2026 \u00a1las PEVR!\",\"datePublished\":\"2025-12-11T08:03:14+00:00\",\"dateModified\":\"2026-03-11T08:27:46+00:00\",\"mainEntityOfPage\":{\"@id\":\"https:\/\/latardor.com\/es\/2025\/12\/11\/ayudas-economicas-las-pevr\/\"},\"wordCount\":199,\"commentCount\":0,\"publisher\":{\"@id\":\"https:\/\/latardor.com\/#organization\"},\"image\":{\"@id\":\"https:\/\/latardor.com\/es\/2025\/12\/11\/ayudas-economicas-las-pevr\/#primaryimage\"},\"thumbnailUrl\":\"https:\/\/latardor.com\/wp-content\/uploads\/2026\/03\/PEVR.png\",\"articleSection\":[\"Noticias\"],\"inLanguage\":\"es\",\"potentialAction\":[{\"@type\":\"CommentAction\",\"name\":\"Comment\",\"target\":[\"https:\/\/latardor.com\/es\/2025\/12\/11\/ayudas-economicas-las-pevr\/#respond\"]}]},{\"@type\":\"WebPage\",\"@id\":\"https:\/\/latardor.com\/es\/2025\/12\/11\/ayudas-economicas-las-pevr\/\",\"url\":\"https:\/\/latardor.com\/es\/2025\/12\/11\/ayudas-economicas-las-pevr\/\",\"name\":\"Ayudas econ\u00f3micas\u2026 \u00a1las PEVR! - Residencia La Tardor\",\"isPartOf\":{\"@id\":\"https:\/\/latardor.com\/#website\"},\"primaryImageOfPage\":{\"@id\":\"https:\/\/latardor.com\/es\/2025\/12\/11\/ayudas-economicas-las-pevr\/#primaryimage\"},\"image\":{\"@id\":\"https:\/\/latardor.com\/es\/2025\/12\/11\/ayudas-economicas-las-pevr\/#primaryimage\"},\"thumbnailUrl\":\"https:\/\/latardor.com\/wp-content\/uploads\/2026\/03\/PEVR.png\",\"datePublished\":\"2025-12-11T08:03:14+00:00\",\"dateModified\":\"2026-03-11T08:27:46+00:00\",\"breadcrumb\":{\"@id\":\"https:\/\/latardor.com\/es\/2025\/12\/11\/ayudas-economicas-las-pevr\/#breadcrumb\"},\"inLanguage\":\"es\",\"potentialAction\":[{\"@type\":\"ReadAction\",\"target\":[\"https:\/\/latardor.com\/es\/2025\/12\/11\/ayudas-economicas-las-pevr\/\"]}]},{\"@type\":\"ImageObject\",\"inLanguage\":\"es\",\"@id\":\"https:\/\/latardor.com\/es\/2025\/12\/11\/ayudas-economicas-las-pevr\/#primaryimage\",\"url\":\"https:\/\/latardor.com\/wp-content\/uploads\/2026\/03\/PEVR.png\",\"contentUrl\":\"https:\/\/latardor.com\/wp-content\/uploads\/2026\/03\/PEVR.png\",\"width\":1207,\"height\":670},{\"@type\":\"BreadcrumbList\",\"@id\":\"https:\/\/latardor.com\/es\/2025\/12\/11\/ayudas-economicas-las-pevr\/#breadcrumb\",\"itemListElement\":[{\"@type\":\"ListItem\",\"position\":1,\"name\":\"Inici\",\"item\":\"https:\/\/latardor.com\/es\/\"},{\"@type\":\"ListItem\",\"position\":2,\"name\":\"Ayudas econ\u00f3micas\u2026 \u00a1las PEVR!\"}]},{\"@type\":\"WebSite\",\"@id\":\"https:\/\/latardor.com\/#website\",\"url\":\"https:\/\/latardor.com\/\",\"name\":\"Residencia La Tardor\",\"description\":\"\",\"publisher\":{\"@id\":\"https:\/\/latardor.com\/#organization\"},\"potentialAction\":[{\"@type\":\"SearchAction\",\"target\":{\"@type\":\"EntryPoint\",\"urlTemplate\":\"https:\/\/latardor.com\/?s={search_term_string}\"},\"query-input\":{\"@type\":\"PropertyValueSpecification\",\"valueRequired\":true,\"valueName\":\"search_term_string\"}}],\"inLanguage\":\"es\"},{\"@type\":\"Organization\",\"@id\":\"https:\/\/latardor.com\/#organization\",\"name\":\"Residencia La Tardor\",\"url\":\"https:\/\/latardor.com\/\",\"logo\":{\"@type\":\"ImageObject\",\"inLanguage\":\"es\",\"@id\":\"https:\/\/latardor.com\/#\/schema\/logo\/image\/\",\"url\":\"https:\/\/latardor.com\/wp-content\/uploads\/2024\/09\/cropped-logo-light.png\",\"contentUrl\":\"https:\/\/latardor.com\/wp-content\/uploads\/2024\/09\/cropped-logo-light.png\",\"width\":512,\"height\":512,\"caption\":\"Residencia La Tardor\"},\"image\":{\"@id\":\"https:\/\/latardor.com\/#\/schema\/logo\/image\/\"},\"sameAs\":[\"https:\/\/www.facebook.com\/residencialatardorOlot\",\"https:\/\/x.com\/latardorOlot\",\"https:\/\/www.instagram.com\/latardorolot\/\",\"https:\/\/www.youtube.com\/@residencialatardor4202\"]},{\"@type\":\"Person\",\"@id\":\"https:\/\/latardor.com\/#\/schema\/person\/44b8398913b441437dc5f39985d22530\",\"name\":\"Holatardor\",\"image\":{\"@type\":\"ImageObject\",\"inLanguage\":\"es\",\"@id\":\"https:\/\/latardor.com\/#\/schema\/person\/image\/\",\"url\":\"https:\/\/secure.gravatar.com\/avatar\/25da3f32f78cad365f8c358b3bd852cee95c56829f0aca3b4518052f45bbb54f?s=96&d=mm&r=g\",\"contentUrl\":\"https:\/\/secure.gravatar.com\/avatar\/25da3f32f78cad365f8c358b3bd852cee95c56829f0aca3b4518052f45bbb54f?s=96&d=mm&r=g\",\"caption\":\"Holatardor\"},\"url\":\"https:\/\/latardor.com\/es\/author\/holatardor\/\"}]}<\/script>\n<!-- \/ Yoast SEO plugin. -->","yoast_head_json":{"title":"Ayudas econ\u00f3micas\u2026 \u00a1las PEVR! - Residencia La Tardor","robots":{"index":"index","follow":"follow","max-snippet":"max-snippet:-1","max-image-preview":"max-image-preview:large","max-video-preview":"max-video-preview:-1"},"canonical":"https:\/\/latardor.com\/es\/2025\/12\/11\/ayudas-economicas-las-pevr\/","og_locale":"es_ES","og_type":"article","og_title":"Ayudas econ\u00f3micas\u2026 \u00a1las PEVR! - Residencia La Tardor","og_description":"La prestaci\u00f3n vinculada a residencia (PEVR) es una ayuda econ\u00f3mica para personas con grado II o III de dependencia que viven en residencia con plaza privada. Sirve para contribuir al pago de la plaza y puede ir aproximadamente de los 200\u20ac hasta 1.238\u20ac mensuales, seg\u00fan los ingresos de la persona. Cuando una persona vive en una residencia de ancianos con plaza privada y tiene reconocido un grado II o grado III de dependencia, puede solicitar la prestaci\u00f3n vinculada a residencia, conocida como PEVR. \u00c9sta es una ayuda econ\u00f3mica destinada a contribuir al pago de la plaza residencial. El importe de la ayuda puede ir aproximadamente desde los 200\u20ac hasta un m\u00e1ximo de 1.238\u20ac mensuales, y se determina en funci\u00f3n de la capacidad econ\u00f3mica de la persona. Para su c\u00e1lculo se tienen en cuenta sus ingresos anuales, pero no se valoran los ahorros ni el patrimonio. La tramitaci\u00f3n de esta prestaci\u00f3n se realiza habitualmente a trav\u00e9s de la trabajadora social de la residencia. Una vez concedida, la ayuda se ingresa directamente en la cuenta bancaria del residente, para que pueda hacer frente al pago de la residencia.","og_url":"https:\/\/latardor.com\/es\/2025\/12\/11\/ayudas-economicas-las-pevr\/","og_site_name":"Residencia La Tardor","article_publisher":"https:\/\/www.facebook.com\/residencialatardorOlot","article_published_time":"2025-12-11T08:03:14+00:00","article_modified_time":"2026-03-11T08:27:46+00:00","og_image":[{"width":1207,"height":670,"url":"https:\/\/latardor.com\/wp-content\/uploads\/2026\/03\/PEVR.png","type":"image\/png"}],"author":"Holatardor","twitter_card":"summary_large_image","twitter_creator":"@latardorOlot","twitter_site":"@latardorOlot","twitter_misc":{"Escrito por":"Holatardor","Tiempo de lectura":"2 minutos"},"schema":{"@context":"https:\/\/schema.org","@graph":[{"@type":"Article","@id":"https:\/\/latardor.com\/es\/2025\/12\/11\/ayudas-economicas-las-pevr\/#article","isPartOf":{"@id":"https:\/\/latardor.com\/es\/2025\/12\/11\/ayudas-economicas-las-pevr\/"},"author":{"name":"Holatardor","@id":"https:\/\/latardor.com\/#\/schema\/person\/44b8398913b441437dc5f39985d22530"},"headline":"Ayudas econ\u00f3micas\u2026 \u00a1las PEVR!","datePublished":"2025-12-11T08:03:14+00:00","dateModified":"2026-03-11T08:27:46+00:00","mainEntityOfPage":{"@id":"https:\/\/latardor.com\/es\/2025\/12\/11\/ayudas-economicas-las-pevr\/"},"wordCount":199,"commentCount":0,"publisher":{"@id":"https:\/\/latardor.com\/#organization"},"image":{"@id":"https:\/\/latardor.com\/es\/2025\/12\/11\/ayudas-economicas-las-pevr\/#primaryimage"},"thumbnailUrl":"https:\/\/latardor.com\/wp-content\/uploads\/2026\/03\/PEVR.png","articleSection":["Noticias"],"inLanguage":"es","potentialAction":[{"@type":"CommentAction","name":"Comment","target":["https:\/\/latardor.com\/es\/2025\/12\/11\/ayudas-economicas-las-pevr\/#respond"]}]},{"@type":"WebPage","@id":"https:\/\/latardor.com\/es\/2025\/12\/11\/ayudas-economicas-las-pevr\/","url":"https:\/\/latardor.com\/es\/2025\/12\/11\/ayudas-economicas-las-pevr\/","name":"Ayudas econ\u00f3micas\u2026 \u00a1las PEVR! - Residencia La Tardor","isPartOf":{"@id":"https:\/\/latardor.com\/#website"},"primaryImageOfPage":{"@id":"https:\/\/latardor.com\/es\/2025\/12\/11\/ayudas-economicas-las-pevr\/#primaryimage"},"image":{"@id":"https:\/\/latardor.com\/es\/2025\/12\/11\/ayudas-economicas-las-pevr\/#primaryimage"},"thumbnailUrl":"https:\/\/latardor.com\/wp-content\/uploads\/2026\/03\/PEVR.png","datePublished":"2025-12-11T08:03:14+00:00","dateModified":"2026-03-11T08:27:46+00:00","breadcrumb":{"@id":"https:\/\/latardor.com\/es\/2025\/12\/11\/ayudas-economicas-las-pevr\/#breadcrumb"},"inLanguage":"es","potentialAction":[{"@type":"ReadAction","target":["https:\/\/latardor.com\/es\/2025\/12\/11\/ayudas-economicas-las-pevr\/"]}]},{"@type":"ImageObject","inLanguage":"es","@id":"https:\/\/latardor.com\/es\/2025\/12\/11\/ayudas-economicas-las-pevr\/#primaryimage","url":"https:\/\/latardor.com\/wp-content\/uploads\/2026\/03\/PEVR.png","contentUrl":"https:\/\/latardor.com\/wp-content\/uploads\/2026\/03\/PEVR.png","width":1207,"height":670},{"@type":"BreadcrumbList","@id":"https:\/\/latardor.com\/es\/2025\/12\/11\/ayudas-economicas-las-pevr\/#breadcrumb","itemListElement":[{"@type":"ListItem","position":1,"name":"Inici","item":"https:\/\/latardor.com\/es\/"},{"@type":"ListItem","position":2,"name":"Ayudas econ\u00f3micas\u2026 \u00a1las PEVR!"}]},{"@type":"WebSite","@id":"https:\/\/latardor.com\/#website","url":"https:\/\/latardor.com\/","name":"Residencia La Tardor","description":"","publisher":{"@id":"https:\/\/latardor.com\/#organization"},"potentialAction":[{"@type":"SearchAction","target":{"@type":"EntryPoint","urlTemplate":"https:\/\/latardor.com\/?s={search_term_string}"},"query-input":{"@type":"PropertyValueSpecification","valueRequired":true,"valueName":"search_term_string"}}],"inLanguage":"es"},{"@type":"Organization","@id":"https:\/\/latardor.com\/#organization","name":"Residencia La Tardor","url":"https:\/\/latardor.com\/","logo":{"@type":"ImageObject","inLanguage":"es","@id":"https:\/\/latardor.com\/#\/schema\/logo\/image\/","url":"https:\/\/latardor.com\/wp-content\/uploads\/2024\/09\/cropped-logo-light.png","contentUrl":"https:\/\/latardor.com\/wp-content\/uploads\/2024\/09\/cropped-logo-light.png","width":512,"height":512,"caption":"Residencia La Tardor"},"image":{"@id":"https:\/\/latardor.com\/#\/schema\/logo\/image\/"},"sameAs":["https:\/\/www.facebook.com\/residencialatardorOlot","https:\/\/x.com\/latardorOlot","https:\/\/www.instagram.com\/latardorolot\/","https:\/\/www.youtube.com\/@residencialatardor4202"]},{"@type":"Person","@id":"https:\/\/latardor.com\/#\/schema\/person\/44b8398913b441437dc5f39985d22530","name":"Holatardor","image":{"@type":"ImageObject","inLanguage":"es","@id":"https:\/\/latardor.com\/#\/schema\/person\/image\/","url":"https:\/\/secure.gravatar.com\/avatar\/25da3f32f78cad365f8c358b3bd852cee95c56829f0aca3b4518052f45bbb54f?s=96&d=mm&r=g","contentUrl":"https:\/\/secure.gravatar.com\/avatar\/25da3f32f78cad365f8c358b3bd852cee95c56829f0aca3b4518052f45bbb54f?s=96&d=mm&r=g","caption":"Holatardor"},"url":"https:\/\/latardor.com\/es\/author\/holatardor\/"}]}},"_links":{"self":[{"href":"https:\/\/latardor.com\/es\/wp-json\/wp\/v2\/posts\/12993","targetHints":{"allow":["GET"]}}],"collection":[{"href":"https:\/\/latardor.com\/es\/wp-json\/wp\/v2\/posts"}],"about":[{"href":"https:\/\/latardor.com\/es\/wp-json\/wp\/v2\/types\/post"}],"author":[{"embeddable":true,"href":"https:\/\/latardor.com\/es\/wp-json\/wp\/v2\/users\/2"}],"replies":[{"embeddable":true,"href":"https:\/\/latardor.com\/es\/wp-json\/wp\/v2\/comments?post=12993"}],"version-history":[{"count":1,"href":"https:\/\/latardor.com\/es\/wp-json\/wp\/v2\/posts\/12993\/revisions"}],"predecessor-version":[{"id":12994,"href":"https:\/\/latardor.com\/es\/wp-json\/wp\/v2\/posts\/12993\/revisions\/12994"}],"wp:featuredmedia":[{"embeddable":true,"href":"https:\/\/latardor.com\/es\/wp-json\/wp\/v2\/media\/12984"}],"wp:attachment":[{"href":"https:\/\/latardor.com\/es\/wp-json\/wp\/v2\/media?parent=12993"}],"wp:term":[{"taxonomy":"category","embeddable":true,"href":"https:\/\/latardor.com\/es\/wp-json\/wp\/v2\/categories?post=12993"},{"taxonomy":"post_tag","embeddable":true,"href":"https:\/\/latardor.com\/es\/wp-json\/wp\/v2\/tags?post=12993"}],"curies":[{"name":"wp","href":"https:\/\/api.w.org\/{rel}","templated":true}]}}