{"id":12702,"date":"2024-06-24T15:59:43","date_gmt":"2024-06-24T13:59:43","guid":{"rendered":"https:\/\/latardor.com\/?p=12702"},"modified":"2024-10-31T10:45:07","modified_gmt":"2024-10-31T09:45:07","slug":"integracion-salud-y-derechos-sociales","status":"publish","type":"post","link":"https:\/\/latardor.com\/es\/2024\/06\/24\/integracion-salud-y-derechos-sociales\/","title":{"rendered":"Integraci\u00f3n Salud y Derechos Sociales"},"content":{"rendered":"<p>El Departamento de Salud y el Departamento de Derechos Sociales han estado trabajando conjuntamente para hacer evolucionar la atenci\u00f3n integrada social y sanitaria de las personas que viven en residencias de ancianos (RGG), con el objetivo de mejorar la atenci\u00f3n a estas personas , que tienen frecuentemente m\u00e1s necesidades de atenci\u00f3n sanitaria que el resto de poblaci\u00f3n de la misma edad.<\/p>\n<p>Desde este a\u00f1o 2024, nuestro centro ya ha puesto en marcha la integraci\u00f3n con Salud, que debe permitir mejorar la atenci\u00f3n sanitaria con el apoyo de las EAP (Equipos de Atenci\u00f3n Primaria).<\/p>\n<p>Este despliegue, no s\u00f3lo es con medios de recursos humanos, sino tambi\u00e9n de recursos t\u00e9cnicos, mediante la implantaci\u00f3n del eCAP para facilitar la compartici\u00f3n de la informaci\u00f3n.<\/p>\n","protected":false},"excerpt":{"rendered":"<p>El Departamento de Salud y el Departamento de Derechos Sociales han estado trabajando conjuntamente para hacer evolucionar la atenci\u00f3n integrada social y sanitaria de las personas que viven en residencias de ancianos (RGG), con el objetivo de mejorar la atenci\u00f3n a estas personas , que tienen frecuentemente m\u00e1s necesidades de atenci\u00f3n sanitaria que el resto de poblaci\u00f3n de la misma edad. Desde este a\u00f1o 2024, nuestro centro ya ha puesto en marcha la integraci\u00f3n con Salud, que debe permitir mejorar la atenci\u00f3n sanitaria con el apoyo de las EAP (Equipos de Atenci\u00f3n Primaria). Este despliegue, no s\u00f3lo es con medios de recursos humanos, sino tambi\u00e9n de recursos t\u00e9cnicos, mediante la implantaci\u00f3n del eCAP para facilitar la compartici\u00f3n de la informaci\u00f3n.<\/p>\n","protected":false},"author":1,"featured_media":12556,"comment_status":"open","ping_status":"open","sticky":false,"template":"","format":"standard","meta":{"footnotes":""},"categories":[1],"tags":[],"class_list":["post-12702","post","type-post","status-publish","format-standard","has-post-thumbnail","hentry","category-noticias"],"yoast_head":"<!-- This site is optimized with the Yoast SEO plugin v23.9 - https:\/\/yoast.com\/wordpress\/plugins\/seo\/ -->\n<title>Integraci\u00f3n Salud y Derechos Sociales - Residencia La Tardor<\/title>\n<meta name=\"robots\" content=\"index, follow, max-snippet:-1, max-image-preview:large, max-video-preview:-1\" \/>\n<link rel=\"canonical\" href=\"https:\/\/latardor.com\/es\/2024\/06\/24\/integracion-salud-y-derechos-sociales\/\" \/>\n<meta property=\"og:locale\" content=\"es_ES\" \/>\n<meta property=\"og:type\" content=\"article\" \/>\n<meta property=\"og:title\" content=\"Integraci\u00f3n Salud y Derechos Sociales - Residencia La Tardor\" \/>\n<meta property=\"og:description\" content=\"El Departamento de Salud y el Departamento de Derechos Sociales han estado trabajando conjuntamente para hacer evolucionar la atenci\u00f3n integrada social y sanitaria de las personas que viven en residencias de ancianos (RGG), con el objetivo de mejorar la atenci\u00f3n a estas personas , que tienen frecuentemente m\u00e1s necesidades de atenci\u00f3n sanitaria que el resto de poblaci\u00f3n de la misma edad. Desde este a\u00f1o 2024, nuestro centro ya ha puesto en marcha la integraci\u00f3n con Salud, que debe permitir mejorar la atenci\u00f3n sanitaria con el apoyo de las EAP (Equipos de Atenci\u00f3n Primaria). Este despliegue, no s\u00f3lo es con medios de recursos humanos, sino tambi\u00e9n de recursos t\u00e9cnicos, mediante la implantaci\u00f3n del eCAP para facilitar la compartici\u00f3n de la informaci\u00f3n.\" \/>\n<meta property=\"og:url\" content=\"https:\/\/latardor.com\/es\/2024\/06\/24\/integracion-salud-y-derechos-sociales\/\" \/>\n<meta property=\"og:site_name\" content=\"Residencia La Tardor\" \/>\n<meta property=\"article:publisher\" content=\"https:\/\/www.facebook.com\/residencialatardorOlot\" \/>\n<meta property=\"article:published_time\" content=\"2024-06-24T13:59:43+00:00\" \/>\n<meta property=\"article:modified_time\" content=\"2024-10-31T09:45:07+00:00\" \/>\n<meta property=\"og:image\" content=\"https:\/\/latardor.com\/wp-content\/uploads\/2024\/06\/blog_integracioSocialSanitaria.png\" \/>\n\t<meta property=\"og:image:width\" content=\"1080\" \/>\n\t<meta property=\"og:image:height\" content=\"724\" \/>\n\t<meta property=\"og:image:type\" content=\"image\/png\" \/>\n<meta name=\"author\" content=\"dfabregas\" \/>\n<meta name=\"twitter:card\" content=\"summary_large_image\" \/>\n<meta name=\"twitter:creator\" content=\"@latardorOlot\" \/>\n<meta name=\"twitter:site\" content=\"@latardorOlot\" \/>\n<meta name=\"twitter:label1\" content=\"Escrito por\" \/>\n\t<meta name=\"twitter:data1\" content=\"dfabregas\" \/>\n\t<meta name=\"twitter:label2\" content=\"Tiempo de lectura\" \/>\n\t<meta name=\"twitter:data2\" content=\"1 minuto\" \/>\n<script type=\"application\/ld+json\" class=\"yoast-schema-graph\">{\"@context\":\"https:\/\/schema.org\",\"@graph\":[{\"@type\":\"Article\",\"@id\":\"https:\/\/latardor.com\/es\/2024\/06\/24\/integracion-salud-y-derechos-sociales\/#article\",\"isPartOf\":{\"@id\":\"https:\/\/latardor.com\/es\/2024\/06\/24\/integracion-salud-y-derechos-sociales\/\"},\"author\":{\"name\":\"dfabregas\",\"@id\":\"https:\/\/latardor.com\/#\/schema\/person\/4e357e8b5e92f2d911dbd55a7da3a270\"},\"headline\":\"Integraci\u00f3n Salud y Derechos Sociales\",\"datePublished\":\"2024-06-24T13:59:43+00:00\",\"dateModified\":\"2024-10-31T09:45:07+00:00\",\"mainEntityOfPage\":{\"@id\":\"https:\/\/latardor.com\/es\/2024\/06\/24\/integracion-salud-y-derechos-sociales\/\"},\"wordCount\":139,\"commentCount\":0,\"publisher\":{\"@id\":\"https:\/\/latardor.com\/#organization\"},\"image\":{\"@id\":\"https:\/\/latardor.com\/es\/2024\/06\/24\/integracion-salud-y-derechos-sociales\/#primaryimage\"},\"thumbnailUrl\":\"https:\/\/latardor.com\/wp-content\/uploads\/2024\/06\/blog_integracioSocialSanitaria.png\",\"articleSection\":[\"Noticias\"],\"inLanguage\":\"es\",\"potentialAction\":[{\"@type\":\"CommentAction\",\"name\":\"Comment\",\"target\":[\"https:\/\/latardor.com\/es\/2024\/06\/24\/integracion-salud-y-derechos-sociales\/#respond\"]}]},{\"@type\":\"WebPage\",\"@id\":\"https:\/\/latardor.com\/es\/2024\/06\/24\/integracion-salud-y-derechos-sociales\/\",\"url\":\"https:\/\/latardor.com\/es\/2024\/06\/24\/integracion-salud-y-derechos-sociales\/\",\"name\":\"Integraci\u00f3n Salud y Derechos Sociales - Residencia La Tardor\",\"isPartOf\":{\"@id\":\"https:\/\/latardor.com\/#website\"},\"primaryImageOfPage\":{\"@id\":\"https:\/\/latardor.com\/es\/2024\/06\/24\/integracion-salud-y-derechos-sociales\/#primaryimage\"},\"image\":{\"@id\":\"https:\/\/latardor.com\/es\/2024\/06\/24\/integracion-salud-y-derechos-sociales\/#primaryimage\"},\"thumbnailUrl\":\"https:\/\/latardor.com\/wp-content\/uploads\/2024\/06\/blog_integracioSocialSanitaria.png\",\"datePublished\":\"2024-06-24T13:59:43+00:00\",\"dateModified\":\"2024-10-31T09:45:07+00:00\",\"breadcrumb\":{\"@id\":\"https:\/\/latardor.com\/es\/2024\/06\/24\/integracion-salud-y-derechos-sociales\/#breadcrumb\"},\"inLanguage\":\"es\",\"potentialAction\":[{\"@type\":\"ReadAction\",\"target\":[\"https:\/\/latardor.com\/es\/2024\/06\/24\/integracion-salud-y-derechos-sociales\/\"]}]},{\"@type\":\"ImageObject\",\"inLanguage\":\"es\",\"@id\":\"https:\/\/latardor.com\/es\/2024\/06\/24\/integracion-salud-y-derechos-sociales\/#primaryimage\",\"url\":\"https:\/\/latardor.com\/wp-content\/uploads\/2024\/06\/blog_integracioSocialSanitaria.png\",\"contentUrl\":\"https:\/\/latardor.com\/wp-content\/uploads\/2024\/06\/blog_integracioSocialSanitaria.png\",\"width\":1080,\"height\":724},{\"@type\":\"BreadcrumbList\",\"@id\":\"https:\/\/latardor.com\/es\/2024\/06\/24\/integracion-salud-y-derechos-sociales\/#breadcrumb\",\"itemListElement\":[{\"@type\":\"ListItem\",\"position\":1,\"name\":\"Inici\",\"item\":\"https:\/\/latardor.com\/es\/\"},{\"@type\":\"ListItem\",\"position\":2,\"name\":\"Integraci\u00f3n Salud y Derechos Sociales\"}]},{\"@type\":\"WebSite\",\"@id\":\"https:\/\/latardor.com\/#website\",\"url\":\"https:\/\/latardor.com\/\",\"name\":\"Residencia La Tardor\",\"description\":\"\",\"publisher\":{\"@id\":\"https:\/\/latardor.com\/#organization\"},\"potentialAction\":[{\"@type\":\"SearchAction\",\"target\":{\"@type\":\"EntryPoint\",\"urlTemplate\":\"https:\/\/latardor.com\/?s={search_term_string}\"},\"query-input\":{\"@type\":\"PropertyValueSpecification\",\"valueRequired\":true,\"valueName\":\"search_term_string\"}}],\"inLanguage\":\"es\"},{\"@type\":\"Organization\",\"@id\":\"https:\/\/latardor.com\/#organization\",\"name\":\"Residencia La Tardor\",\"url\":\"https:\/\/latardor.com\/\",\"logo\":{\"@type\":\"ImageObject\",\"inLanguage\":\"es\",\"@id\":\"https:\/\/latardor.com\/#\/schema\/logo\/image\/\",\"url\":\"https:\/\/latardor.com\/wp-content\/uploads\/2024\/09\/cropped-logo-light.png\",\"contentUrl\":\"https:\/\/latardor.com\/wp-content\/uploads\/2024\/09\/cropped-logo-light.png\",\"width\":512,\"height\":512,\"caption\":\"Residencia La Tardor\"},\"image\":{\"@id\":\"https:\/\/latardor.com\/#\/schema\/logo\/image\/\"},\"sameAs\":[\"https:\/\/www.facebook.com\/residencialatardorOlot\",\"https:\/\/x.com\/latardorOlot\",\"https:\/\/www.instagram.com\/latardorolot\/\",\"https:\/\/www.youtube.com\/@residencialatardor4202\"]},{\"@type\":\"Person\",\"@id\":\"https:\/\/latardor.com\/#\/schema\/person\/4e357e8b5e92f2d911dbd55a7da3a270\",\"name\":\"dfabregas\",\"image\":{\"@type\":\"ImageObject\",\"inLanguage\":\"es\",\"@id\":\"https:\/\/latardor.com\/#\/schema\/person\/image\/\",\"url\":\"https:\/\/secure.gravatar.com\/avatar\/3adb9b31b18f35fcc384a2eb7efd2adaf7cb2333d25070803a078a5e25c58f07?s=96&d=mm&r=g\",\"contentUrl\":\"https:\/\/secure.gravatar.com\/avatar\/3adb9b31b18f35fcc384a2eb7efd2adaf7cb2333d25070803a078a5e25c58f07?s=96&d=mm&r=g\",\"caption\":\"dfabregas\"},\"sameAs\":[\"https:\/\/latardor.com\"],\"url\":\"https:\/\/latardor.com\/es\/author\/dfabregas\/\"}]}<\/script>\n<!-- \/ Yoast SEO plugin. -->","yoast_head_json":{"title":"Integraci\u00f3n Salud y Derechos Sociales - Residencia La Tardor","robots":{"index":"index","follow":"follow","max-snippet":"max-snippet:-1","max-image-preview":"max-image-preview:large","max-video-preview":"max-video-preview:-1"},"canonical":"https:\/\/latardor.com\/es\/2024\/06\/24\/integracion-salud-y-derechos-sociales\/","og_locale":"es_ES","og_type":"article","og_title":"Integraci\u00f3n Salud y Derechos Sociales - Residencia La Tardor","og_description":"El Departamento de Salud y el Departamento de Derechos Sociales han estado trabajando conjuntamente para hacer evolucionar la atenci\u00f3n integrada social y sanitaria de las personas que viven en residencias de ancianos (RGG), con el objetivo de mejorar la atenci\u00f3n a estas personas , que tienen frecuentemente m\u00e1s necesidades de atenci\u00f3n sanitaria que el resto de poblaci\u00f3n de la misma edad. Desde este a\u00f1o 2024, nuestro centro ya ha puesto en marcha la integraci\u00f3n con Salud, que debe permitir mejorar la atenci\u00f3n sanitaria con el apoyo de las EAP (Equipos de Atenci\u00f3n Primaria). Este despliegue, no s\u00f3lo es con medios de recursos humanos, sino tambi\u00e9n de recursos t\u00e9cnicos, mediante la implantaci\u00f3n del eCAP para facilitar la compartici\u00f3n de la informaci\u00f3n.","og_url":"https:\/\/latardor.com\/es\/2024\/06\/24\/integracion-salud-y-derechos-sociales\/","og_site_name":"Residencia La Tardor","article_publisher":"https:\/\/www.facebook.com\/residencialatardorOlot","article_published_time":"2024-06-24T13:59:43+00:00","article_modified_time":"2024-10-31T09:45:07+00:00","og_image":[{"width":1080,"height":724,"url":"https:\/\/latardor.com\/wp-content\/uploads\/2024\/06\/blog_integracioSocialSanitaria.png","type":"image\/png"}],"author":"dfabregas","twitter_card":"summary_large_image","twitter_creator":"@latardorOlot","twitter_site":"@latardorOlot","twitter_misc":{"Escrito por":"dfabregas","Tiempo de lectura":"1 minuto"},"schema":{"@context":"https:\/\/schema.org","@graph":[{"@type":"Article","@id":"https:\/\/latardor.com\/es\/2024\/06\/24\/integracion-salud-y-derechos-sociales\/#article","isPartOf":{"@id":"https:\/\/latardor.com\/es\/2024\/06\/24\/integracion-salud-y-derechos-sociales\/"},"author":{"name":"dfabregas","@id":"https:\/\/latardor.com\/#\/schema\/person\/4e357e8b5e92f2d911dbd55a7da3a270"},"headline":"Integraci\u00f3n Salud y Derechos Sociales","datePublished":"2024-06-24T13:59:43+00:00","dateModified":"2024-10-31T09:45:07+00:00","mainEntityOfPage":{"@id":"https:\/\/latardor.com\/es\/2024\/06\/24\/integracion-salud-y-derechos-sociales\/"},"wordCount":139,"commentCount":0,"publisher":{"@id":"https:\/\/latardor.com\/#organization"},"image":{"@id":"https:\/\/latardor.com\/es\/2024\/06\/24\/integracion-salud-y-derechos-sociales\/#primaryimage"},"thumbnailUrl":"https:\/\/latardor.com\/wp-content\/uploads\/2024\/06\/blog_integracioSocialSanitaria.png","articleSection":["Noticias"],"inLanguage":"es","potentialAction":[{"@type":"CommentAction","name":"Comment","target":["https:\/\/latardor.com\/es\/2024\/06\/24\/integracion-salud-y-derechos-sociales\/#respond"]}]},{"@type":"WebPage","@id":"https:\/\/latardor.com\/es\/2024\/06\/24\/integracion-salud-y-derechos-sociales\/","url":"https:\/\/latardor.com\/es\/2024\/06\/24\/integracion-salud-y-derechos-sociales\/","name":"Integraci\u00f3n Salud y Derechos Sociales - Residencia La Tardor","isPartOf":{"@id":"https:\/\/latardor.com\/#website"},"primaryImageOfPage":{"@id":"https:\/\/latardor.com\/es\/2024\/06\/24\/integracion-salud-y-derechos-sociales\/#primaryimage"},"image":{"@id":"https:\/\/latardor.com\/es\/2024\/06\/24\/integracion-salud-y-derechos-sociales\/#primaryimage"},"thumbnailUrl":"https:\/\/latardor.com\/wp-content\/uploads\/2024\/06\/blog_integracioSocialSanitaria.png","datePublished":"2024-06-24T13:59:43+00:00","dateModified":"2024-10-31T09:45:07+00:00","breadcrumb":{"@id":"https:\/\/latardor.com\/es\/2024\/06\/24\/integracion-salud-y-derechos-sociales\/#breadcrumb"},"inLanguage":"es","potentialAction":[{"@type":"ReadAction","target":["https:\/\/latardor.com\/es\/2024\/06\/24\/integracion-salud-y-derechos-sociales\/"]}]},{"@type":"ImageObject","inLanguage":"es","@id":"https:\/\/latardor.com\/es\/2024\/06\/24\/integracion-salud-y-derechos-sociales\/#primaryimage","url":"https:\/\/latardor.com\/wp-content\/uploads\/2024\/06\/blog_integracioSocialSanitaria.png","contentUrl":"https:\/\/latardor.com\/wp-content\/uploads\/2024\/06\/blog_integracioSocialSanitaria.png","width":1080,"height":724},{"@type":"BreadcrumbList","@id":"https:\/\/latardor.com\/es\/2024\/06\/24\/integracion-salud-y-derechos-sociales\/#breadcrumb","itemListElement":[{"@type":"ListItem","position":1,"name":"Inici","item":"https:\/\/latardor.com\/es\/"},{"@type":"ListItem","position":2,"name":"Integraci\u00f3n Salud y Derechos Sociales"}]},{"@type":"WebSite","@id":"https:\/\/latardor.com\/#website","url":"https:\/\/latardor.com\/","name":"Residencia La Tardor","description":"","publisher":{"@id":"https:\/\/latardor.com\/#organization"},"potentialAction":[{"@type":"SearchAction","target":{"@type":"EntryPoint","urlTemplate":"https:\/\/latardor.com\/?s={search_term_string}"},"query-input":{"@type":"PropertyValueSpecification","valueRequired":true,"valueName":"search_term_string"}}],"inLanguage":"es"},{"@type":"Organization","@id":"https:\/\/latardor.com\/#organization","name":"Residencia La Tardor","url":"https:\/\/latardor.com\/","logo":{"@type":"ImageObject","inLanguage":"es","@id":"https:\/\/latardor.com\/#\/schema\/logo\/image\/","url":"https:\/\/latardor.com\/wp-content\/uploads\/2024\/09\/cropped-logo-light.png","contentUrl":"https:\/\/latardor.com\/wp-content\/uploads\/2024\/09\/cropped-logo-light.png","width":512,"height":512,"caption":"Residencia La Tardor"},"image":{"@id":"https:\/\/latardor.com\/#\/schema\/logo\/image\/"},"sameAs":["https:\/\/www.facebook.com\/residencialatardorOlot","https:\/\/x.com\/latardorOlot","https:\/\/www.instagram.com\/latardorolot\/","https:\/\/www.youtube.com\/@residencialatardor4202"]},{"@type":"Person","@id":"https:\/\/latardor.com\/#\/schema\/person\/4e357e8b5e92f2d911dbd55a7da3a270","name":"dfabregas","image":{"@type":"ImageObject","inLanguage":"es","@id":"https:\/\/latardor.com\/#\/schema\/person\/image\/","url":"https:\/\/secure.gravatar.com\/avatar\/3adb9b31b18f35fcc384a2eb7efd2adaf7cb2333d25070803a078a5e25c58f07?s=96&d=mm&r=g","contentUrl":"https:\/\/secure.gravatar.com\/avatar\/3adb9b31b18f35fcc384a2eb7efd2adaf7cb2333d25070803a078a5e25c58f07?s=96&d=mm&r=g","caption":"dfabregas"},"sameAs":["https:\/\/latardor.com"],"url":"https:\/\/latardor.com\/es\/author\/dfabregas\/"}]}},"_links":{"self":[{"href":"https:\/\/latardor.com\/es\/wp-json\/wp\/v2\/posts\/12702","targetHints":{"allow":["GET"]}}],"collection":[{"href":"https:\/\/latardor.com\/es\/wp-json\/wp\/v2\/posts"}],"about":[{"href":"https:\/\/latardor.com\/es\/wp-json\/wp\/v2\/types\/post"}],"author":[{"embeddable":true,"href":"https:\/\/latardor.com\/es\/wp-json\/wp\/v2\/users\/1"}],"replies":[{"embeddable":true,"href":"https:\/\/latardor.com\/es\/wp-json\/wp\/v2\/comments?post=12702"}],"version-history":[{"count":0,"href":"https:\/\/latardor.com\/es\/wp-json\/wp\/v2\/posts\/12702\/revisions"}],"wp:featuredmedia":[{"embeddable":true,"href":"https:\/\/latardor.com\/es\/wp-json\/wp\/v2\/media\/12556"}],"wp:attachment":[{"href":"https:\/\/latardor.com\/es\/wp-json\/wp\/v2\/media?parent=12702"}],"wp:term":[{"taxonomy":"category","embeddable":true,"href":"https:\/\/latardor.com\/es\/wp-json\/wp\/v2\/categories?post=12702"},{"taxonomy":"post_tag","embeddable":true,"href":"https:\/\/latardor.com\/es\/wp-json\/wp\/v2\/tags?post=12702"}],"curies":[{"name":"wp","href":"https:\/\/api.w.org\/{rel}","templated":true}]}}